{"id":15258,"date":"2019-11-04T18:21:44","date_gmt":"2019-11-04T18:21:44","guid":{"rendered":"https:\/\/caps-i.ca\/?p=15258"},"modified":"2026-03-25T10:33:19","modified_gmt":"2026-03-25T14:33:19","slug":"2023-summer-camp-info-2","status":"publish","type":"post","link":"https:\/\/caps-i.ca\/vi\/2023-summer-camp-info-2\/","title":{"rendered":"2026 Summer Programs"},"content":{"rendered":"<p>2026 Summer Camp Information<\/p>\n<p>C\u00e1c th\u00e0nh vi\u00ean c\u1ee7a H\u1ec7 th\u1ed1ng Tr\u01b0\u1eddng C\u00f4ng L\u1eadp CAPS-I sau \u0111\u00e2y \u0111ang t\u1ed5 ch\u1ee9c c\u00e1c ch\u01b0\u01a1ng tr\u00ecnh tr\u1ea1i h\u00e8 ng\u1eafn h\u1ea1n d\u00e0nh cho sinh vi\u00ean qu\u1ed1c t\u1ebf. \u0110\u1ec3 bi\u1ebft th\u00eam chi ti\u1ebft v\u1ec1 t\u1eebng ch\u01b0\u01a1ng tr\u00ecnh, vui l\u00f2ng nh\u1ea5p v\u00e0o t\u00ean\/li\u00ean k\u1ebft t\u01b0\u01a1ng \u1ee9ng b\u00ean d\u01b0\u1edbi:<\/p>\n<p><strong>BRITISH COLUMBIA:<\/strong><\/p>\n<ul>\n<li><a href=\"https:\/\/studyinbritishcolumbia.com\/programs\/summer\/\">Tr\u01b0\u1eddng h\u1ecdc Huy\u1ec7n Comox Valley<\/a><\/li>\n<li><a href=\"https:\/\/www.internationaled.com\/programs\/summer-program\/\">Coquitlam School District<\/a><\/li>\n<li><a href=\"https:\/\/www.godelta.ca\/programs\/summer-programs\/\">H\u1ec7 th\u1ed1ng tr\u01b0\u1eddng h\u1ecdc Delta<\/a><\/li>\n<li><a href=\"https:\/\/www.studyinvictoria.com\/programs\/summer-camp-program\">H\u1ec7 th\u1ed1ng Tr\u01b0\u1eddng H\u1ecdc Khu Greater Victoria<\/a><\/li>\n<li><a href=\"https:\/\/inted.sd42.ca\/international-education-programs\/summer-immersion\/\">Maple Ridge\/Pitt Meadows School District<\/a><\/li>\n<li><a href=\"https:\/\/studyinrichmond.sd38.bc.ca\/programs\/short-term-programs\/summer-camps\">H\u1ec7 th\u1ed1ng Tr\u01b0\u1eddng H\u1ecdc Richmond<\/a><\/li>\n<\/ul>\n<p><strong>ALBERTA:<\/strong><\/p>\n<ul>\n<li><a href=\"https:\/\/peakscampus.ca\/international-experiences\/summer-canadian-rocky-mountain-experiences\" target=\"_blank\" rel=\"noopener\" data-saferedirecturl=\"https:\/\/www.google.com\/url?q=http:\/\/www.lrsd.ca\/international&amp;source=gmail&amp;ust=1671805747685000&amp;usg=AOvVaw3uQjc-mgnBUfv-uPuStN1l\">Livingstone Range School Division<\/a><\/li>\n<\/ul>\n<p><strong>MANITOBA:<\/strong><\/p>\n<ul>\n<li><a href=\"https:\/\/www.lrsd.net\/isp\/programs\">H\u1ec7 th\u1ed1ng Tr\u01b0\u1eddng Louis Riel<\/a><\/li>\n<\/ul>\n<p><strong>ONTARIO:\u00a0<\/strong><\/p>\n<ul>\n<li><a href=\"https:\/\/international.ecolecatholique.ca\/fr\/Les-Camps-Dete_61\">Conseil des \u00e9coles catholiques du Centre-Est<\/a><\/li>\n<li><a href=\"https:\/\/www.hwdsb.on.ca\/summer-programs\/\">Hamilton-Wentworth District School Board<\/a><\/li>\n<li><a href=\"https:\/\/internationaled.limestone.on.ca\/summer_and_short-_stay_programs\">Limestone District School Board<\/a><\/li>\n<li><a href=\"https:\/\/studyottawa.ocdsb.ca\/programs\/summer-programs\/summer-english-explorer\">H\u1ed9i \u0111\u1ed3ng Gi\u00e1o d\u1ee5c H\u1ea1t Ottawa-Carleton<\/a><\/li>\n<li><a href=\"https:\/\/www.tdsb.on.ca\/About-Us\/Innovation\/Summer-ESL-Program\">Toronto District School Board<\/a><\/li>\n<li><a href=\"https:\/\/www2.yrdsb.ca\/schools-programs\/international-student-programs\/international-education-programs\/summer-programs\">York Region District School Board<\/a><\/li>\n<\/ul>\n<p><strong>QUEBEC:<\/strong><\/p>\n<ul>\n<li><a href=\"https:\/\/caps-i.ca\/wp-content\/uploads\/2019\/11\/2026-Summer-Camp-LBPSB-STEAM-ESL-and-FSL.pdf\">Lester B. Pearson District School Board<\/a><\/li>\n<\/ul>","protected":false},"excerpt":{"rendered":"The following public school district members of CAPS-I are offering short term summer camp programs for international students.\u00a0 For further details about each program, click on the respective name\/link below:\r\n\r\n\r\nALBERTA:\r\n\r\nGrand Yellowhead Public School Division\r\n\r\nBRITISH COLUMBIA:\r\n\r\nComox Valley Schools\r\nCoquitlam School District\u00a0\r\nDelta School District\r\nGreater Victoria School District\r\nMaple Ridge\/Pitt Meadows School District\r\nNew Westminster School District\r\nRichmond School District\r\nVernon School District\r\n\r\nONTARIO:\r\n\r\nDistrict School Board of Niagara\r\nOttawa-Carleton District School Board\r\n\r\nNOVA SCOTIA:\r\n\r\nNova Scotia International Student Program","protected":false},"author":3,"featured_media":0,"comment_status":"open","ping_status":"open","sticky":false,"template":"","format":"standard","meta":{"_bbp_topic_count":0,"_bbp_reply_count":0,"_bbp_total_topic_count":0,"_bbp_total_reply_count":0,"_bbp_voice_count":0,"_bbp_anonymous_reply_count":0,"_bbp_topic_count_hidden":0,"_bbp_reply_count_hidden":0,"_bbp_forum_subforum_count":0,"_uf_show_specific_survey":0,"_uf_disable_surveys":false,"footnotes":""},"categories":[1],"tags":[],"yoast_head":"<!-- This site is optimized with the Yoast SEO plugin v23.0 - https:\/\/yoast.com\/wordpress\/plugins\/seo\/ -->\n<title>2026 Summer Programs | CAPS-I<\/title>\n<meta name=\"robots\" content=\"index, follow, max-snippet:-1, max-image-preview:large, max-video-preview:-1\" \/>\n<link rel=\"canonical\" href=\"https:\/\/caps-i.ca\/vi\/2023-summer-camp-info-2\/\" class=\"yoast-seo-meta-tag\" \/>\n<meta property=\"og:locale\" content=\"vi_VN\" class=\"yoast-seo-meta-tag\" \/>\n<meta property=\"og:type\" content=\"article\" class=\"yoast-seo-meta-tag\" \/>\n<meta property=\"og:title\" content=\"2026 Summer Programs | CAPS-I\" class=\"yoast-seo-meta-tag\" \/>\n<meta property=\"og:description\" content=\"The following public school district members of CAPS-I are offering short term summer camp programs for international students.\u00a0 For further details about each program, click on the respective name\/link below:   ALBERTA:  Grand Yellowhead Public School Division  BRITISH COLUMBIA:  Comox Valley Schools Coquitlam School District\u00a0 Delta School District Greater Victoria School District Maple Ridge\/Pitt Meadows School District New Westminster School District Richmond School District Vernon School District  ONTARIO:  District School Board of Niagara Ottawa-Carleton District School Board  NOVA SCOTIA:  Nova Scotia International Student Program\" class=\"yoast-seo-meta-tag\" \/>\n<meta property=\"og:url\" content=\"https:\/\/caps-i.ca\/vi\/2023-summer-camp-info-2\/\" class=\"yoast-seo-meta-tag\" \/>\n<meta property=\"og:site_name\" content=\"Canadian Association of Public Schools - International | CAPS-I\" class=\"yoast-seo-meta-tag\" \/>\n<meta property=\"article:publisher\" content=\"https:\/\/www.facebook.com\/CanadianAssociationofPublicSchoolsInternational\" class=\"yoast-seo-meta-tag\" \/>\n<meta property=\"article:published_time\" content=\"2019-11-04T18:21:44+00:00\" class=\"yoast-seo-meta-tag\" \/>\n<meta property=\"article:modified_time\" content=\"2026-03-25T14:33:19+00:00\" class=\"yoast-seo-meta-tag\" \/>\n<meta name=\"author\" content=\"Lisa Williamson\" class=\"yoast-seo-meta-tag\" \/>\n<meta name=\"twitter:card\" content=\"summary_large_image\" class=\"yoast-seo-meta-tag\" \/>\n<meta name=\"twitter:label1\" content=\"\u0110\u01b0\u1ee3c vi\u1ebft b\u1edfi\" class=\"yoast-seo-meta-tag\" \/>\n\t<meta name=\"twitter:data1\" content=\"Lisa Williamson\" class=\"yoast-seo-meta-tag\" \/>\n\t<meta name=\"twitter:label2\" content=\"\u01af\u1edbc t\u00ednh th\u1eddi gian \u0111\u1ecdc\" class=\"yoast-seo-meta-tag\" \/>\n\t<meta name=\"twitter:data2\" content=\"1 ph\u00fat\" class=\"yoast-seo-meta-tag\" \/>\n<script type=\"application\/ld+json\" class=\"yoast-schema-graph\">{\"@context\":\"https:\/\/schema.org\",\"@graph\":[{\"@type\":\"Article\",\"@id\":\"https:\/\/caps-i.ca\/vi\/2023-summer-camp-info-2\/#article\",\"isPartOf\":{\"@id\":\"https:\/\/caps-i.ca\/vi\/2023-summer-camp-info-2\/\"},\"author\":{\"name\":\"Lisa Williamson\",\"@id\":\"https:\/\/caps-i.ca\/vi\/#\/schema\/person\/8b5729c2395b7e522fe68fc7c80bc185\"},\"headline\":\"2026 Summer Programs\",\"datePublished\":\"2019-11-04T18:21:44+00:00\",\"dateModified\":\"2026-03-25T14:33:19+00:00\",\"mainEntityOfPage\":{\"@id\":\"https:\/\/caps-i.ca\/vi\/2023-summer-camp-info-2\/\"},\"wordCount\":104,\"commentCount\":0,\"publisher\":{\"@id\":\"https:\/\/caps-i.ca\/vi\/#organization\"},\"articleSection\":[\"Uncategorized\"],\"inLanguage\":\"vi\",\"potentialAction\":[{\"@type\":\"CommentAction\",\"name\":\"Comment\",\"target\":[\"https:\/\/caps-i.ca\/vi\/2023-summer-camp-info-2\/#respond\"]}]},{\"@type\":\"WebPage\",\"@id\":\"https:\/\/caps-i.ca\/vi\/2023-summer-camp-info-2\/\",\"url\":\"https:\/\/caps-i.ca\/vi\/2023-summer-camp-info-2\/\",\"name\":\"2026 Summer Programs | CAPS-I\",\"isPartOf\":{\"@id\":\"https:\/\/caps-i.ca\/vi\/#website\"},\"datePublished\":\"2019-11-04T18:21:44+00:00\",\"dateModified\":\"2026-03-25T14:33:19+00:00\",\"breadcrumb\":{\"@id\":\"https:\/\/caps-i.ca\/vi\/2023-summer-camp-info-2\/#breadcrumb\"},\"inLanguage\":\"vi\",\"potentialAction\":[{\"@type\":\"ReadAction\",\"target\":[\"https:\/\/caps-i.ca\/vi\/2023-summer-camp-info-2\/\"]}]},{\"@type\":\"BreadcrumbList\",\"@id\":\"https:\/\/caps-i.ca\/vi\/2023-summer-camp-info-2\/#breadcrumb\",\"itemListElement\":[{\"@type\":\"ListItem\",\"position\":1,\"name\":\"Home\",\"item\":\"https:\/\/caps-i.ca\/\"},{\"@type\":\"ListItem\",\"position\":2,\"name\":\"2026 Summer Programs\"}]},{\"@type\":\"WebSite\",\"@id\":\"https:\/\/caps-i.ca\/vi\/#website\",\"url\":\"https:\/\/caps-i.ca\/vi\/\",\"name\":\"Canadian Association of Public Schools - International | CAPS-I\",\"description\":\"CAPS-I\",\"publisher\":{\"@id\":\"https:\/\/caps-i.ca\/vi\/#organization\"},\"potentialAction\":[{\"@type\":\"SearchAction\",\"target\":{\"@type\":\"EntryPoint\",\"urlTemplate\":\"https:\/\/caps-i.ca\/vi\/?s={search_term_string}\"},\"query-input\":\"required name=search_term_string\"}],\"inLanguage\":\"vi\"},{\"@type\":\"Organization\",\"@id\":\"https:\/\/caps-i.ca\/vi\/#organization\",\"name\":\"Canadian Association of Public Schools - International\",\"url\":\"https:\/\/caps-i.ca\/vi\/\",\"logo\":{\"@type\":\"ImageObject\",\"inLanguage\":\"vi\",\"@id\":\"https:\/\/caps-i.ca\/vi\/#\/schema\/logo\/image\/\",\"url\":\"https:\/\/caps-i.ca\/wp-content\/uploads\/2024\/04\/capsi-2023-scaled.jpeg\",\"contentUrl\":\"https:\/\/caps-i.ca\/wp-content\/uploads\/2024\/04\/capsi-2023-scaled.jpeg\",\"width\":2560,\"height\":803,\"caption\":\"Canadian Association of Public Schools - International\"},\"image\":{\"@id\":\"https:\/\/caps-i.ca\/vi\/#\/schema\/logo\/image\/\"},\"sameAs\":[\"https:\/\/www.facebook.com\/CanadianAssociationofPublicSchoolsInternational\",\"https:\/\/www.linkedin.com\/company\/caps-i\",\"https:\/\/www.instagram.com\/canadianassocpublicschoolsintl\/\"]},{\"@type\":\"Person\",\"@id\":\"https:\/\/caps-i.ca\/vi\/#\/schema\/person\/8b5729c2395b7e522fe68fc7c80bc185\",\"name\":\"Lisa Williamson\",\"image\":{\"@type\":\"ImageObject\",\"inLanguage\":\"vi\",\"@id\":\"https:\/\/caps-i.ca\/vi\/#\/schema\/person\/image\/\",\"url\":\"\/\/www.gravatar.com\/avatar\/af763885e852de20922713c92056ad6f?s=96&#038;r=g&#038;d=mm\",\"contentUrl\":\"\/\/www.gravatar.com\/avatar\/af763885e852de20922713c92056ad6f?s=96&#038;r=g&#038;d=mm\",\"caption\":\"Lisa Williamson\"}}]}<\/script>\n<!-- \/ Yoast SEO plugin. -->","yoast_head_json":{"title":"2026 Summer Programs | CAPS-I","robots":{"index":"index","follow":"follow","max-snippet":"max-snippet:-1","max-image-preview":"max-image-preview:large","max-video-preview":"max-video-preview:-1"},"canonical":"https:\/\/caps-i.ca\/vi\/2023-summer-camp-info-2\/","og_locale":"vi_VN","og_type":"article","og_title":"2026 Summer Programs | CAPS-I","og_description":"The following public school district members of CAPS-I are offering short term summer camp programs for international students.\u00a0 For further details about each program, click on the respective name\/link below:   ALBERTA:  Grand Yellowhead Public School Division  BRITISH COLUMBIA:  Comox Valley Schools Coquitlam School District\u00a0 Delta School District Greater Victoria School District Maple Ridge\/Pitt Meadows School District New Westminster School District Richmond School District Vernon School District  ONTARIO:  District School Board of Niagara Ottawa-Carleton District School Board  NOVA SCOTIA:  Nova Scotia International Student Program","og_url":"https:\/\/caps-i.ca\/vi\/2023-summer-camp-info-2\/","og_site_name":"Canadian Association of Public Schools - International | CAPS-I","article_publisher":"https:\/\/www.facebook.com\/CanadianAssociationofPublicSchoolsInternational","article_published_time":"2019-11-04T18:21:44+00:00","article_modified_time":"2026-03-25T14:33:19+00:00","author":"Lisa Williamson","twitter_card":"summary_large_image","twitter_misc":{"\u0110\u01b0\u1ee3c vi\u1ebft b\u1edfi":"Lisa Williamson","\u01af\u1edbc t\u00ednh th\u1eddi gian \u0111\u1ecdc":"1 ph\u00fat"},"schema":{"@context":"https:\/\/schema.org","@graph":[{"@type":"Article","@id":"https:\/\/caps-i.ca\/vi\/2023-summer-camp-info-2\/#article","isPartOf":{"@id":"https:\/\/caps-i.ca\/vi\/2023-summer-camp-info-2\/"},"author":{"name":"Lisa Williamson","@id":"https:\/\/caps-i.ca\/vi\/#\/schema\/person\/8b5729c2395b7e522fe68fc7c80bc185"},"headline":"2026 Summer Programs","datePublished":"2019-11-04T18:21:44+00:00","dateModified":"2026-03-25T14:33:19+00:00","mainEntityOfPage":{"@id":"https:\/\/caps-i.ca\/vi\/2023-summer-camp-info-2\/"},"wordCount":104,"commentCount":0,"publisher":{"@id":"https:\/\/caps-i.ca\/vi\/#organization"},"articleSection":["Uncategorized"],"inLanguage":"vi","potentialAction":[{"@type":"CommentAction","name":"Comment","target":["https:\/\/caps-i.ca\/vi\/2023-summer-camp-info-2\/#respond"]}]},{"@type":"WebPage","@id":"https:\/\/caps-i.ca\/vi\/2023-summer-camp-info-2\/","url":"https:\/\/caps-i.ca\/vi\/2023-summer-camp-info-2\/","name":"2026 Summer Programs | CAPS-I","isPartOf":{"@id":"https:\/\/caps-i.ca\/vi\/#website"},"datePublished":"2019-11-04T18:21:44+00:00","dateModified":"2026-03-25T14:33:19+00:00","breadcrumb":{"@id":"https:\/\/caps-i.ca\/vi\/2023-summer-camp-info-2\/#breadcrumb"},"inLanguage":"vi","potentialAction":[{"@type":"ReadAction","target":["https:\/\/caps-i.ca\/vi\/2023-summer-camp-info-2\/"]}]},{"@type":"BreadcrumbList","@id":"https:\/\/caps-i.ca\/vi\/2023-summer-camp-info-2\/#breadcrumb","itemListElement":[{"@type":"ListItem","position":1,"name":"Home","item":"https:\/\/caps-i.ca\/"},{"@type":"ListItem","position":2,"name":"2026 Summer Programs"}]},{"@type":"WebSite","@id":"https:\/\/caps-i.ca\/vi\/#website","url":"https:\/\/caps-i.ca\/vi\/","name":"Hi\u1ec7p h\u1ed9i C\u00e1c Tr\u01b0\u1eddng C\u00f4ng L\u1eadp Canada - Qu\u1ed1c t\u1ebf | CAPS-I","description":"CAPS-I","publisher":{"@id":"https:\/\/caps-i.ca\/vi\/#organization"},"potentialAction":[{"@type":"SearchAction","target":{"@type":"EntryPoint","urlTemplate":"https:\/\/caps-i.ca\/vi\/?s={search_term_string}"},"query-input":"required name=search_term_string"}],"inLanguage":"vi"},{"@type":"Organization","@id":"https:\/\/caps-i.ca\/vi\/#organization","name":"Hi\u1ec7p h\u1ed9i Tr\u01b0\u1eddng C\u00f4ng l\u1eadp Canada - Qu\u1ed1c t\u1ebf","url":"https:\/\/caps-i.ca\/vi\/","logo":{"@type":"ImageObject","inLanguage":"vi","@id":"https:\/\/caps-i.ca\/vi\/#\/schema\/logo\/image\/","url":"https:\/\/caps-i.ca\/wp-content\/uploads\/2024\/04\/capsi-2023-scaled.jpeg","contentUrl":"https:\/\/caps-i.ca\/wp-content\/uploads\/2024\/04\/capsi-2023-scaled.jpeg","width":2560,"height":803,"caption":"Canadian Association of Public Schools - International"},"image":{"@id":"https:\/\/caps-i.ca\/vi\/#\/schema\/logo\/image\/"},"sameAs":["https:\/\/www.facebook.com\/CanadianAssociationofPublicSchoolsInternational","https:\/\/www.linkedin.com\/company\/caps-i","https:\/\/www.instagram.com\/canadianassocpublicschoolsintl\/"]},{"@type":"Person","@id":"https:\/\/caps-i.ca\/vi\/#\/schema\/person\/8b5729c2395b7e522fe68fc7c80bc185","name":"Lisa Williamson","image":{"@type":"ImageObject","inLanguage":"vi","@id":"https:\/\/caps-i.ca\/vi\/#\/schema\/person\/image\/","url":"\/\/www.gravatar.com\/avatar\/af763885e852de20922713c92056ad6f?s=96&#038;r=g&#038;d=mm","contentUrl":"\/\/www.gravatar.com\/avatar\/af763885e852de20922713c92056ad6f?s=96&#038;r=g&#038;d=mm","caption":"Lisa Williamson"}}]}},"_links":{"self":[{"href":"https:\/\/caps-i.ca\/vi\/wp-json\/wp\/v2\/posts\/15258"}],"collection":[{"href":"https:\/\/caps-i.ca\/vi\/wp-json\/wp\/v2\/posts"}],"about":[{"href":"https:\/\/caps-i.ca\/vi\/wp-json\/wp\/v2\/types\/post"}],"author":[{"embeddable":true,"href":"https:\/\/caps-i.ca\/vi\/wp-json\/wp\/v2\/users\/3"}],"replies":[{"embeddable":true,"href":"https:\/\/caps-i.ca\/vi\/wp-json\/wp\/v2\/comments?post=15258"}],"version-history":[{"count":43,"href":"https:\/\/caps-i.ca\/vi\/wp-json\/wp\/v2\/posts\/15258\/revisions"}],"predecessor-version":[{"id":42980,"href":"https:\/\/caps-i.ca\/vi\/wp-json\/wp\/v2\/posts\/15258\/revisions\/42980"}],"wp:attachment":[{"href":"https:\/\/caps-i.ca\/vi\/wp-json\/wp\/v2\/media?parent=15258"}],"wp:term":[{"taxonomy":"category","embeddable":true,"href":"https:\/\/caps-i.ca\/vi\/wp-json\/wp\/v2\/categories?post=15258"},{"taxonomy":"post_tag","embeddable":true,"href":"https:\/\/caps-i.ca\/vi\/wp-json\/wp\/v2\/tags?post=15258"}],"curies":[{"name":"wp","href":"https:\/\/api.w.org\/{rel}","templated":true}]}}